{"id":22730,"date":"2021-10-13T20:02:18","date_gmt":"2021-10-13T17:02:18","guid":{"rendered":"https:\/\/www.minisculebyebrar.com\/?p=22730"},"modified":"2021-11-01T12:33:55","modified_gmt":"2021-11-01T09:33:55","slug":"surdurulebilir-cocuk-giyim-modasi","status":"publish","type":"post","link":"https:\/\/www.minisculebyebrar.com\/tr\/surdurulebilir-cocuk-giyim-modasi\/","title":{"rendered":"Su\u0308rdu\u0308ru\u0308lebilir C\u0327ocuk Giyim Modas\u0131 ve Etik Dog\u0306a Anlay\u0131s\u0327\u0131"},"content":{"rendered":"<div class=\"wpb-content-wrapper\"><p>[vc_row][vc_column][vc_column_text]<\/p>\n<p style=\"text-align: center;\"><a href=\"https:\/\/www.minisculebyebrar.com\/surdurebilirlik\/\"><strong>S\u00fcrd\u00fcr\u00fclebilir \u00c7ocuk Modas\u0131<\/strong><\/a> g\u00fczel, rahat ve g\u00f6z al\u0131c\u0131 moda tasar\u0131mlar\u0131 yap\u0131l\u0131rken do\u011faya zarar vermemenin \u00f6nemini ve gerekli\u011fini ortaya koymaktad\u0131r. Do\u011fa ve \u00e7evre sadece insanlar i\u00e7in de\u011fil, tabiat i\u00e7inde ya\u015fayan bir\u00e7ok canl\u0131 i\u00e7inde ya\u015fam alan\u0131d\u0131r.<\/p>\n<p style=\"text-align: center;\">Bizler bu ya\u015fam alan\u0131na sayg\u0131l\u0131 olarak <a href=\"https:\/\/www.minisculebyebrar.com\/surdurebilirlik\/\"><strong>S\u00fcrd\u00fcr\u00fclebilir \u00c7ocuk Modas\u0131<\/strong> <\/a>yaratabilece\u011fini kan\u0131tlamak i\u00e7in yola \u00e7\u0131kt\u0131k.<\/p>\n<p style=\"text-align: center;\">Etik do\u011fa anlay\u0131\u015f\u0131 g\u00fcn ge\u00e7tik\u00e7e \u00f6nemini artt\u0131rmaktad\u0131r. Modan\u0131n h\u0131zl\u0131 t\u00fcketim \u00fcr\u00fcn\u00fc haline gelmesi ve sanayile\u015fen d\u00fcnya d\u00fczeni do\u011fay\u0131 ve \u00e7evreyi tehdit etmeye devam ediyor. Toplumda t\u00fcm kesimlerin ortak do\u011fa bilinciyle hareket etmesi ve toplumsal fark\u0131ndal\u0131k yarat\u0131lmas\u0131 s\u00fcrd\u00fcr\u00fclebilir bir d\u00fcnya ve do\u011fa i\u00e7in tek \u00e7aremiz olacakt\u0131r.<\/p>\n<p style=\"text-align: center;\"><a href=\"https:\/\/www.minisculebyebrar.com\/\"><strong>minisc\u00fale by ebrar<\/strong><\/a> ekibi olarak web sitemizde yer alan t\u00fcm \u00fcr\u00fcnlerde etik moda anlay\u0131\u015f\u0131n\u0131n izlerini g\u00f6receksiniz. Temel hedefimiz \u00e7ocuklar\u0131m\u0131z i\u00e7in sa\u011fl\u0131kl\u0131 ve \u015f\u0131k \u00fcr\u00fcnler ortaya \u00e7\u0131kart\u0131rken, insana, \u00e7evreye ve ekonomiye duyarl\u0131 bir yap\u0131 ortaya koymakt\u0131r.<\/p>\n<h3 style=\"text-align: center;\"><u>S\u00fcrd\u00fcr\u00fclebilir \u00c7ocuk Modas\u0131 ve Belirleyici Etkenler<\/u><\/h3>\n<p style=\"text-align: center;\"><strong>\u0130nsana duyarl\u0131l\u0131k:<\/strong> \u00c7ocuklar\u0131m\u0131z\u0131n sa\u011fl\u0131\u011f\u0131 en \u00f6nemli g\u00fcndem maddemizdir. T\u00fcm \u00fcr\u00fcn ve tasar\u0131mlar\u0131m\u0131z pamuk, y\u00fcn gibi do\u011fal lifli ve lyocell (Tencel) gibi odun hamuru sel\u00fclozundan elde edilen rejenere lifli kuma\u015flardan olu\u015fuyor. \u015e\u0131k butik tasar\u0131mlar\u0131m\u0131zda <strong>S\u00fcrd\u00fcr\u00fclebilir \u00c7ocuk Modas\u0131<\/strong> kavram\u0131n\u0131 sa\u011fl\u0131kla birle\u015ftiriyoruz.<\/p>\n<p style=\"text-align: center;\"><strong>\u00c7evreye duyarl\u0131l\u0131k:<\/strong> T\u00fcm \u00fcr\u00fcn ve tasar\u0131mlar\u0131m\u0131zda do\u011faya zarar vermeyen \u00fcretim y\u00f6ntemlerini kullan\u0131yoruz. Etik do\u011fa ve \u00e7evre bilince gere\u011fi, do\u011faya zarars\u0131z \u00fcretim yapan tesislerde OEKO-TEX standartlar\u0131na uygun kuma\u015flarla sizlere e\u015fsiz <strong>S\u00fcrd\u00fcr\u00fclebilir \u00c7ocuk Modas\u0131<\/strong> \u00fcr\u00fcnlerini sunuyoruz.<\/p>\n<p style=\"text-align: center;\">Koleksiyonlar\u0131m\u0131zda kimyevi ve zararl\u0131 hi\u00e7bir madde i\u00e7ermeyen geri d\u00f6n\u00fc\u015ft\u00fcr\u00fclm\u00fc\u015f ekolojik kuma\u015flar kullanarak, do\u011fa i\u00e7in hammadde ve kaynak t\u00fcketimini en aza indiriyoruz.<\/p>\n<p style=\"text-align: center;\"><strong>Ekonomik duyarl\u0131l\u0131k<\/strong>: S\u00fcrd\u00fcr\u00fclebilir bir d\u00fcnya ortaya katk\u0131 vermek i\u00e7in i\u015f modelimizi hem \u00fcretici hem de son kullan\u0131c\u0131ya yarar sa\u011flayacak \u015fekilde geli\u015ftirdik, geri d\u00f6n\u00fc\u015f\u00fcm\u00fcn do\u011fa ve d\u00fcnya i\u00e7in ne kadar \u00f6nemli oldu\u011funun fark\u0131nday\u0131z.<\/p>\n<p style=\"text-align: center;\">Tasar\u0131mlar\u0131m\u0131zda d\u00f6n\u00fc\u015ft\u00fcr\u00fclm\u00fc\u015f ekolojik kuma\u015flar kullanarak, kuma\u015f at\u0131k sarfiyat\u0131n\u0131n \u00f6n\u00fcne ge\u00e7iyoruz. Do\u011fal lif kaynaklar\u0131n\u0131 h\u0131zl\u0131 t\u00fcketmemeye \u00f6zen g\u00f6stererek, \u015f\u0131k <strong>S\u00fcrd\u00fcr\u00fclebilir \u00c7ocuk Modas\u0131<\/strong> tasar\u0131mlar\u0131m\u0131zda lyocell (Tencel) kuma\u015flar kullan\u0131yoruz.<\/p>\n<p style=\"text-align: center;\">\u00c7ocuklar\u0131m\u0131z\u0131n geli\u015fim h\u0131z\u0131 y\u00fcksek oldu\u011fu i\u00e7in k\u0131sa s\u00fcreli kullan\u0131mlar\u0131n ka\u00e7\u0131n\u0131lmaz oldu\u011funun fark\u0131nday\u0131z. Bu y\u00fczden olu\u015fturdu\u011fumuz <a href=\"https:\/\/www.minisculebyebrar.com\/ikinci-el\/\">\u201c\u0130kinci El\u201d<\/a> kavram\u0131yla hammadde sarfiyat\u0131n\u0131 \u00f6n\u00fcne ge\u00e7erek etik do\u011fa bilinciyle hareket ediyoruz. Fazladan \u00fcretim s\u0131ras\u0131nda ortaya \u00e7\u0131kan hammadde ve emek g\u00fcc\u00fcn\u00fc azaltmay\u0131 hedefliyoruz.<\/p>\n<div id=\"attachment_22531\" style=\"width: 1306px\" class=\"wp-caption aligncenter\"><a href=\"https:\/\/www.minisculebyebrar.com\/wp-content\/uploads\/2021\/09\/Tag.jpg\"><img loading=\"lazy\" decoding=\"async\" aria-describedby=\"caption-attachment-22531\" class=\"wp-image-22531 size-full\" src=\"https:\/\/www.minisculebyebrar.com\/wp-content\/uploads\/2021\/09\/Tag.jpg\" alt=\"S\u00fcrd\u00fcr\u00fclebilir \u00c7ocuk Modas\u0131\" width=\"1296\" height=\"292\" srcset=\"https:\/\/www.minisculebyebrar.com\/wp-content\/uploads\/2021\/09\/Tag.jpg 1296w, https:\/\/www.minisculebyebrar.com\/wp-content\/uploads\/2021\/09\/Tag-300x68.jpg 300w, https:\/\/www.minisculebyebrar.com\/wp-content\/uploads\/2021\/09\/Tag-1024x231.jpg 1024w, https:\/\/www.minisculebyebrar.com\/wp-content\/uploads\/2021\/09\/Tag-768x173.jpg 768w, https:\/\/www.minisculebyebrar.com\/wp-content\/uploads\/2021\/09\/Tag-24x5.jpg 24w, https:\/\/www.minisculebyebrar.com\/wp-content\/uploads\/2021\/09\/Tag-36x8.jpg 36w, https:\/\/www.minisculebyebrar.com\/wp-content\/uploads\/2021\/09\/Tag-48x11.jpg 48w, https:\/\/www.minisculebyebrar.com\/wp-content\/uploads\/2021\/09\/Tag-600x135.jpg 600w\" sizes=\"auto, (max-width: 1296px) 100vw, 1296px\" \/><\/a><p id=\"caption-attachment-22531\" class=\"wp-caption-text\">S\u00fcrd\u00fcr\u00fclebilir \u00c7ocuk Modas\u0131<\/p><\/div>\n<p>[\/vc_column_text][\/vc_column][\/vc_row]<\/p>\n<\/div>","protected":false},"excerpt":{"rendered":"<p>[vc_row][vc_column][vc_column_text] S\u00fcrd\u00fcr\u00fclebilir \u00c7ocuk Modas\u0131 g\u00fczel, rahat ve g\u00f6z al\u0131c\u0131 moda tasar\u0131mlar\u0131 yap\u0131l\u0131rken do\u011faya zarar vermemenin \u00f6nemini ve gerekli\u011fini ortaya koymaktad\u0131r. Do\u011fa ve \u00e7evre sadece insanlar i\u00e7in de\u011fil, tabiat i\u00e7inde ya\u015fayan bir\u00e7ok canl\u0131 i\u00e7inde ya\u015fam alan\u0131d\u0131r. Bizler bu ya\u015fam alan\u0131na sayg\u0131l\u0131 olarak S\u00fcrd\u00fcr\u00fclebilir \u00c7ocuk Modas\u0131 yaratabilece\u011fini kan\u0131tlamak i\u00e7in yola \u00e7\u0131kt\u0131k. Etik do\u011fa anlay\u0131\u015f\u0131 g\u00fcn ge\u00e7tik\u00e7e \u00f6nemini [&hellip;]<\/p>\n","protected":false},"author":7,"featured_media":22906,"comment_status":"open","ping_status":"open","sticky":false,"template":"","format":"standard","meta":{"footnotes":""},"categories":[180],"tags":[],"class_list":["post-22730","post","type-post","status-publish","format-standard","has-post-thumbnail","hentry","category-genel"],"_links":{"self":[{"href":"https:\/\/www.minisculebyebrar.com\/tr\/wp-json\/wp\/v2\/posts\/22730","targetHints":{"allow":["GET"]}}],"collection":[{"href":"https:\/\/www.minisculebyebrar.com\/tr\/wp-json\/wp\/v2\/posts"}],"about":[{"href":"https:\/\/www.minisculebyebrar.com\/tr\/wp-json\/wp\/v2\/types\/post"}],"author":[{"embeddable":true,"href":"https:\/\/www.minisculebyebrar.com\/tr\/wp-json\/wp\/v2\/users\/7"}],"replies":[{"embeddable":true,"href":"https:\/\/www.minisculebyebrar.com\/tr\/wp-json\/wp\/v2\/comments?post=22730"}],"version-history":[{"count":0,"href":"https:\/\/www.minisculebyebrar.com\/tr\/wp-json\/wp\/v2\/posts\/22730\/revisions"}],"wp:featuredmedia":[{"embeddable":true,"href":"https:\/\/www.minisculebyebrar.com\/tr\/wp-json\/wp\/v2\/media\/22906"}],"wp:attachment":[{"href":"https:\/\/www.minisculebyebrar.com\/tr\/wp-json\/wp\/v2\/media?parent=22730"}],"wp:term":[{"taxonomy":"category","embeddable":true,"href":"https:\/\/www.minisculebyebrar.com\/tr\/wp-json\/wp\/v2\/categories?post=22730"},{"taxonomy":"post_tag","embeddable":true,"href":"https:\/\/www.minisculebyebrar.com\/tr\/wp-json\/wp\/v2\/tags?post=22730"}],"curies":[{"name":"wp","href":"https:\/\/api.w.org\/{rel}","templated":true}]}}